{"id":832,"date":"2025-03-21T16:09:10","date_gmt":"2025-03-21T15:09:10","guid":{"rendered":"https:\/\/buz-2-0.de\/?p=832"},"modified":"2025-03-25T07:55:21","modified_gmt":"2025-03-25T06:55:21","slug":"versorgungswerk-vv-am-05-04-2025","status":"publish","type":"post","link":"https:\/\/buz-2-0.de\/?p=832","title":{"rendered":"Versorgungswerk VV am 05.04.2025"},"content":{"rendered":"\n<p><\/p>\n\n\n\n<p><strong>&nbsp;<\/strong>21. M\u00e4rz 2025<\/p>\n\n\n\n<p>&#8211;&nbsp;<strong>Vertreterversammlung<\/strong><\/p>\n\n\n\n<p><strong>&#8211; Aufsichtsausschuss<\/strong><\/p>\n\n\n\n<p><strong>&#8211; Verwaltungsausschuss<\/strong><\/p>\n\n\n\n<p><strong>&#8211; Aufsicht<\/strong><\/p>\n\n\n\n<p><strong>&#8211; beteiligte Kammern<\/strong><\/p>\n\n\n\n<p>Sehr geehrte Damen und Herren,<\/p>\n\n\n\n<p>hiermit lade ich Sie zu der am<\/p>\n\n\n\n<p>Samstag, 5. April 2025, 10:00 Uhr,<\/p>\n\n\n\n<p><strong>im Zahn\u00e4rztehaus (KZV Berlin), Sitzungssaal<\/strong><\/p>\n\n\n\n<p><strong>Georg-Wilhelm-Str. 16, 10711 Berlin<\/strong><\/p>\n\n\n\n<p>stattfindenden<\/p>\n\n\n\n<p><strong>10. ordentlichen Vertreterversammlung<\/strong><\/p>\n\n\n\n<p>ein.<\/p>\n\n\n\n<p>Tagesordnung<\/p>\n\n\n\n<p>1. Begr\u00fc\u00dfung und Regularien<\/p>\n\n\n\n<p>2. Antr\u00e4ge<\/p>\n\n\n\n<p><strong>3. Abberufung der Mitglieder des Verwaltungsausschusses mit sofortiger Wirkung<\/strong><\/p>\n\n\n\n<p>4. Wahl einer Wahlleiterin\/eines Wahlleiters zur Neuwahl der Mitglieder des Verwaltungsausschusses<\/p>\n\n\n\n<p><strong>5. Neuwahl der Mitglieder des Verwaltungsausschusses<\/strong><\/p>\n\n\n\n<p>6. Verschwiegenheitserkl\u00e4rung<\/p>\n\n\n\n<p>7. Verschiedenes<\/p>\n\n\n\n<p>a) Termine: 6. Dezember 2025 10:00 Uhr<\/p>\n\n\n\n<p>Ein Fr\u00fchst\u00fccksimbiss und Getr\u00e4nke werden zur Verf\u00fcgung gestellt.<\/p>\n\n\n\n<p>gez. Dr. H. Dohmeier-de Haan<\/p>\n\n\n\n<p>vorsitzendes Mitglied<\/p>\n\n\n\n<p>der Vertreterversammlung<\/p>\n\n\n\n<p><\/p>\n\n\n\n<p><\/p>\n\n\n\n<p>F\u00fcr die Abberufung der Mitglieder des VA ist eine 2\/3 Mehrheit notwendig<\/p>\n\n\n\n<p><strong>Die Sitzung ist f\u00fcr Mitglieder des Verorgungswerkes \u00f6ffentlich <\/strong><\/p>\n","protected":false},"excerpt":{"rendered":"<p>&nbsp;21. M\u00e4rz 2025 &#8211;&nbsp;Vertreterversammlung &#8211; Aufsichtsausschuss &#8211; Verwaltungsausschuss &#8211; Aufsicht &#8211; beteiligte Kammern Sehr geehrte Damen und Herren, hiermit lade ich Sie zu der am Samstag, 5. April 2025, 10:00 Uhr, im Zahn\u00e4rztehaus (KZV Berlin), Sitzungssaal Georg-Wilhelm-Str. 16, 10711 Berlin stattfindenden 10. ordentlichen Vertreterversammlung ein. Tagesordnung 1. Begr\u00fc\u00dfung und Regularien 2. Antr\u00e4ge 3. Abberufung der [&hellip;]<\/p>\n","protected":false},"author":2,"featured_media":0,"comment_status":"open","ping_status":"open","sticky":false,"template":"","format":"standard","meta":{"footnotes":""},"categories":[12],"tags":[],"class_list":["post-832","post","type-post","status-publish","format-standard","hentry","category-versorgungswerk","post-preview"],"_links":{"self":[{"href":"https:\/\/buz-2-0.de\/index.php?rest_route=\/wp\/v2\/posts\/832","targetHints":{"allow":["GET"]}}],"collection":[{"href":"https:\/\/buz-2-0.de\/index.php?rest_route=\/wp\/v2\/posts"}],"about":[{"href":"https:\/\/buz-2-0.de\/index.php?rest_route=\/wp\/v2\/types\/post"}],"author":[{"embeddable":true,"href":"https:\/\/buz-2-0.de\/index.php?rest_route=\/wp\/v2\/users\/2"}],"replies":[{"embeddable":true,"href":"https:\/\/buz-2-0.de\/index.php?rest_route=%2Fwp%2Fv2%2Fcomments&post=832"}],"version-history":[{"count":3,"href":"https:\/\/buz-2-0.de\/index.php?rest_route=\/wp\/v2\/posts\/832\/revisions"}],"predecessor-version":[{"id":839,"href":"https:\/\/buz-2-0.de\/index.php?rest_route=\/wp\/v2\/posts\/832\/revisions\/839"}],"wp:attachment":[{"href":"https:\/\/buz-2-0.de\/index.php?rest_route=%2Fwp%2Fv2%2Fmedia&parent=832"}],"wp:term":[{"taxonomy":"category","embeddable":true,"href":"https:\/\/buz-2-0.de\/index.php?rest_route=%2Fwp%2Fv2%2Fcategories&post=832"},{"taxonomy":"post_tag","embeddable":true,"href":"https:\/\/buz-2-0.de\/index.php?rest_route=%2Fwp%2Fv2%2Ftags&post=832"}],"curies":[{"name":"wp","href":"https:\/\/api.w.org\/{rel}","templated":true}]}}