{"id":673,"date":"2024-11-16T18:36:38","date_gmt":"2024-11-16T17:36:38","guid":{"rendered":"https:\/\/buz-2-0.de\/?p=673"},"modified":"2025-09-04T05:59:14","modified_gmt":"2025-09-04T04:59:14","slug":"demokratieverstaendnis-in-der-kammer-sonderdv-vom-geschaeftsfuehrer-abgesagt","status":"publish","type":"post","link":"https:\/\/buz-2-0.de\/?p=673","title":{"rendered":"Demokratieverst\u00e4ndnis in der Kammer &#8211; SonderDV vom Gesch\u00e4ftsf\u00fchrer abgesagt"},"content":{"rendered":"\n<p>16.11.24: Mail vom Gesch\u00e4ftsf\u00fchrer Dr. Fischdick:<\/p>\n\n\n\n<p>&#8222;Sehr geehrte Delegierte,&nbsp;<\/p>\n\n\n\n<p>die Bundesversammlung der BZ\u00c4K hat am gestrigen Tag die Verkleinerung der Bundesversammlung beschlossen. Insofern findet keine gesonderte DV am kommenden Donnerstag statt.<\/p>\n\n\n\n<p>Wir w\u00fcnschen Ihnen geruhsame Weihnachtstage und einen guten Start in das neue Jahr 2025.<\/p>\n\n\n\n<p>Mit freundlichen Gr\u00fc\u00dfen<\/p>\n\n\n\n<p>Dr. Jan Fischdick&#8220;<\/p>\n\n\n\n<p>Die einstimmig von der Delegiertenversammlung der Zahn\u00e4rztekammer Berlin verabschiedete Resolution forderte eine Reduzierung auf 100 Delegierte.<\/p>\n\n\n\n<p>Reduziert wurde auf 139 Delegierte &#8211; also deutlich oberhalb der geforderten 100.<\/p>\n\n\n\n<p>Hier hebelt der Gesch\u00e4ftsf\u00fchrer den Willen der Delgierten ohne \u00fcberhaupt Zahlen\/Daten zu nennen mittels einer Kurzmail aus. Diese Verkleinerung der Bundesversammlung entspricht nicht dem Willen der Berliner Delegierten.<\/p>\n\n\n\n<p>Zudem wurde die K\u00fcndigungsfrist zur BZ\u00c4K auf 2 Jahre erh\u00f6ht. Laut \u00a7 39 Abs. 2 BGB darf die K\u00fcndigungsfrist aber&nbsp;<strong>maximal zwei Jahre<\/strong>&nbsp;zwischen Eingang der Austrittserkl\u00e4rung und dem tats\u00e4chlichen Ende der Mitgliedschaft betragen.<\/p>\n\n\n\n<p><strong>Welches Demokratieverst\u00e4ndnis besteht seitens des Gesch\u00e4ftsf\u00fchrers? <\/strong><\/p>\n\n\n\n<p>Hier wird eine einstimmig gefasste Resolution der DV in autokratischer Manier ignoriert!<\/p>\n\n\n\n<p><strong>Nur die DV in ihrer Gesamtheit kann die ver\u00e4nderte Situation in der BZ\u00c4K annehmen oder auch ablehnen. Insofern ist es unabdingbar dass die vorab f\u00fcr den 21.11.24 geplante SonderDV stattfindet.<\/strong><\/p>\n\n\n\n<p>Daraufhin Mail Heegewaldt: <\/p>\n\n\n\n<p>Sehr geehrter Herr Klutke!<\/p>\n\n\n\n<p>Das Schreiben von Herrn Fischdick, dass heute an die Berliner Delegierten unserer DV per Mail ging, wurde in unserem Auftrag geschrieben, d.h. von Frau Plaster und mir.<\/p>\n\n\n\n<p>In der letzten Berliner DV habe ich von dem Kompromissvorschlag des Bundesvorstands f\u00fcr die Bundesversammlung mit einer Reduzierung und Festsetzung auf 139 Delegierte berichtet. Das wurde von mir klar kommuniziert.<\/p>\n\n\n\n<p>Deshalb bezog sich die Forderung unserer DV, eine Ersatz-DV einzuberufen, nur f\u00fcr den Fall, dass auf der Bundesversammlung diese Satzungs\u00e4nderung der Reduzierung und Festsetzung auf 139 Delegierte NICHT angenommen worden w\u00e4re. Diese \u00c4nderung wurde jedoch klar gestern verabschiedet. Damit wird nicht zu der Ersatz-DV geladen.<\/p>\n\n\n\n<p>Eine Reduzierung auf 100 Delegierte war der Berliner Wunsch und Grundlage f\u00fcr den Kompromissvorschlag. Das wurde ebenfalls so von mir auf unserer letzten DV vorgetragen. H\u00e4tten unsere Delegierten auf der Zahl 100 bestanden, w\u00e4re bereits klar gewesen, dass die Ersatz-DV kommen muss. Die DV hat aber klar formuliert, dass nur bei einer Ablehnung des Satzungsantrages (139) diese Ersatz-DV stattfinden sollte.<\/p>\n\n\n\n<p>Gerade in diesen schweren Zeiten unserer Demokratie mit einem Erstarken der Radikalen und dem mangelnden Willen zu Kompromissen durch das Bestehen auf Maximalforderungen, empfinde ich die Satzungs\u00e4nderung der Bundesversammlung als einen gro\u00dfen Erfolg, als einen Erfolg f\u00fcr uns Berliner! Die Verhandlungen und Gespr\u00e4che durch uns im Bundesvorstand haben \u00fcber ein Jahr gebraucht und wurden gestern belohnt, auch wegen 9 Berliner JA Stimmen in der Bundesversammlung der Fraktion Gesundheit (BUZ 2.0), Dentista, Freiem Verband, IUZB und meinem Berliner Verband.<\/p>\n\n\n\n<p>Mit kollegialen Gr\u00fc\u00dfen,<\/p>\n\n\n\n<p>Ihr Karsten Heegewaldt&nbsp;<\/p>\n\n\n\n<p>Die Antwort:<\/p>\n\n\n\n<p>Lieber Kollege Heegewaldt,<\/p>\n\n\n\n<p>es gab keine Abstimmung oder Meinungsbild in der DV zu der von Ihnen aufgestellten Behauptung, &#8222;Die DV hat aber klar formuliert, dass nur bei einer Ablehnung des Satzungsantrages (139) diese Ersatz-DV stattfinden sollte.\u201c<\/p>\n\n\n\n<p>Das ist einzig und allein Ihre pers\u00f6nliche Meinung. Die Aufzeichnung der DV wird Ihnen das best\u00e4tigen. Dazu sollten Sie sich die Aufzeichnung der vergangenen DV anh\u00f6ren. Diese wird mich vollumf\u00e4nglich best\u00e4tigen.<\/p>\n\n\n\n<p>Insofern mu\u00df eine AODV, wie im Vorfeld festgelegt, erfolgen um insbesondere unter dem Aspekt der auf das Doppelte verl\u00e4ngerten K\u00fcndigungsfrist zur BZ\u00c4K den dort beschlossenen Kompromiss zu best\u00e4tigen oder abzulehnen.<\/p>\n\n\n\n<p>Die von Ihnen getragene Vorgehensweise tritt jedes demokratische Grundverst\u00e4ndnis mit F\u00fcssen.<\/p>\n\n\n\n<p>Mit freundlichen Gr\u00fc\u00dfen<\/p>\n\n\n\n<p>Alexander Klutke<\/p>\n","protected":false},"excerpt":{"rendered":"<p>16.11.24: Mail vom Gesch\u00e4ftsf\u00fchrer Dr. Fischdick: &#8222;Sehr geehrte Delegierte,&nbsp; die Bundesversammlung der BZ\u00c4K hat am gestrigen Tag die Verkleinerung der Bundesversammlung beschlossen. Insofern findet keine gesonderte DV am kommenden Donnerstag statt. Wir w\u00fcnschen Ihnen geruhsame Weihnachtstage und einen guten Start in das neue Jahr 2025. Mit freundlichen Gr\u00fc\u00dfen Dr. Jan Fischdick&#8220; Die einstimmig von der [&hellip;]<\/p>\n","protected":false},"author":2,"featured_media":0,"comment_status":"open","ping_status":"open","sticky":false,"template":"","format":"standard","meta":{"footnotes":""},"categories":[13,10],"tags":[],"class_list":["post-673","post","type-post","status-publish","format-standard","hentry","category-bzaek","category-zahnaerztekammer","post-preview"],"_links":{"self":[{"href":"https:\/\/buz-2-0.de\/index.php?rest_route=\/wp\/v2\/posts\/673","targetHints":{"allow":["GET"]}}],"collection":[{"href":"https:\/\/buz-2-0.de\/index.php?rest_route=\/wp\/v2\/posts"}],"about":[{"href":"https:\/\/buz-2-0.de\/index.php?rest_route=\/wp\/v2\/types\/post"}],"author":[{"embeddable":true,"href":"https:\/\/buz-2-0.de\/index.php?rest_route=\/wp\/v2\/users\/2"}],"replies":[{"embeddable":true,"href":"https:\/\/buz-2-0.de\/index.php?rest_route=%2Fwp%2Fv2%2Fcomments&post=673"}],"version-history":[{"count":7,"href":"https:\/\/buz-2-0.de\/index.php?rest_route=\/wp\/v2\/posts\/673\/revisions"}],"predecessor-version":[{"id":1070,"href":"https:\/\/buz-2-0.de\/index.php?rest_route=\/wp\/v2\/posts\/673\/revisions\/1070"}],"wp:attachment":[{"href":"https:\/\/buz-2-0.de\/index.php?rest_route=%2Fwp%2Fv2%2Fmedia&parent=673"}],"wp:term":[{"taxonomy":"category","embeddable":true,"href":"https:\/\/buz-2-0.de\/index.php?rest_route=%2Fwp%2Fv2%2Fcategories&post=673"},{"taxonomy":"post_tag","embeddable":true,"href":"https:\/\/buz-2-0.de\/index.php?rest_route=%2Fwp%2Fv2%2Ftags&post=673"}],"curies":[{"name":"wp","href":"https:\/\/api.w.org\/{rel}","templated":true}]}}