{"id":543,"date":"2024-10-03T04:22:44","date_gmt":"2024-10-03T03:22:44","guid":{"rendered":"https:\/\/buz-2-0.de\/?p=543"},"modified":"2024-10-17T00:38:36","modified_gmt":"2024-10-16T23:38:36","slug":"eilmeldung-sonder-vv-der-kzv-berlin-beantragt","status":"publish","type":"post","link":"https:\/\/buz-2-0.de\/?p=543","title":{"rendered":"Sonder VV der KZV Berlin"},"content":{"rendered":"\n<p><strong>Aktualisiert am 17.10.24<\/strong><\/p>\n\n\n\n<p>Aus, in der Regel gut informierten Kreisen, wurde bekannt, dass am Mittwoch &#8211; 02.10.2024 &#8211; mit dem <strong>Ziel der Absetzung des Vorsitzenden der KZV-Berlin<\/strong> Karsten Geist eine Sonder VV der KZV-Berlin beantragt wurde.<\/p>\n\n\n\n<p>Diesem, von 23 VV-Mitgliedern gezeichneten, Antrag wurde keine Begr\u00fcndung beigef\u00fcgt.<\/p>\n\n\n\n<div class=\"wp-block-group is-nowrap is-layout-flex wp-container-core-group-is-layout-ad2f72ca wp-block-group-is-layout-flex\">\n<div data-wp-interactive=\"core\/file\" class=\"wp-block-file\"><object data-wp-bind--hidden=\"!state.hasPdfPreview\" hidden class=\"wp-block-file__embed\" data=\"https:\/\/buz-2-0.de\/wp-content\/uploads\/2024\/10\/2024-10-14-15-56.pdf\" type=\"application\/pdf\" style=\"width:100%;height:600px\" aria-label=\"Einbettung von 2024-10-14 15-56.\"><\/object><a id=\"wp-block-file--media-6dc51bf7-7a6f-4cb8-ba94-184c86499050\" href=\"https:\/\/buz-2-0.de\/wp-content\/uploads\/2024\/10\/2024-10-14-15-56.pdf\">2024-10-14 15-56<\/a><a href=\"https:\/\/buz-2-0.de\/wp-content\/uploads\/2024\/10\/2024-10-14-15-56.pdf\" class=\"wp-block-file__button wp-element-button\" download aria-describedby=\"wp-block-file--media-6dc51bf7-7a6f-4cb8-ba94-184c86499050\">Herunterladen<\/a><\/div>\n\n\n\n<p><\/p>\n<\/div>\n\n\n\n<p>Die KZV war am Feier- (03.10.) und &#8222;Br\u00fcckentag&#8220; (04.10.) f\u00fcr eine Stellungnahme nicht erreichbar.<\/p>\n\n\n\n<p>Bis heute 07.10.2024 20:00 Uhr gibt es auf der Seite der KZV-Berlin keinerlei Hinweis auf die SonderVV noch eine diesbez\u00fcgliche Pressemitteilung. Unter &#8222;Aktuelles&#8220; findet sich, neben anderen Hinweisen, als letzter Punkt das Herbstsymposium &#8230;<\/p>\n\n\n\n<p>Am Montag 14.10.24, 17:00 Uhr findet eine Dringlichkeitssitzung des Hauptausschusses zu dieser Problematik statt.<\/p>\n\n\n\n<p>Die SonderVV ist auf den Mittwoch 16.10.24 19:00 Uhr terminiert. Am 08.10.24 \u00c4nderung der Uhrzeit auf 21:30.<\/p>\n\n\n\n<p><strong>Tagesordnung<\/strong><\/p>\n\n\n\n<p>TOP 1 Begr\u00fc\u00dfung, Feststellung der Anwesenheit<\/p>\n\n\n\n<p>TOP 2 Antrag auf Entbindung vom Vorstandsamt gegen Herrn Karsten Geist (\u00a7 13 Abs. 2 Satz 1 der Satzung der KZV Berlin) (Anlage 1 &#8211; Alle eingereichten Antr\u00e4ge hatten den gleichen Wortlaut)<\/p>\n\n\n\n<p>TOP 3 Anordnung der sofortigen Vollziehung des Beschlusses gem. \u00a7 13 Abs. 2 Satz 4 der Satzung der KZV Berlin (\u00a7 59 Abs. 3 SGB IV analog)<\/p>\n\n\n\n<p>Rechtliche Grundlagen im \u00a713 der Satzung der KZV-Berlin:<\/p>\n\n\n\n<p>\u00a7 13 Ausscheiden von Vorstandsmitgliedern<br>(1) Das Amt eines Vorstandsmitglieds endet vor Ablauf der Wahlperiode<br>\uf0a7 durch Tod,<br>\uf0a7 durch Verlust der Gesch\u00e4ftsf\u00e4higkeit,<br>\uf0a7 durch Verlust der Amtsf\u00e4higkeit, der W\u00e4hlbarkeit und des Stimmrechts (\u00a7 45 Strafgesetzbuch),<br>\uf0a7 durch Eintritt der Voraussetzungen f\u00fcr den Verlust des aktiven und passiven Wahlrechts nach<br>\u00a7 2 der Wahlordnung der KZV Berlin,<br>\uf0a7 durch Niederlegung des Amtes seitens des Vorstandsmitglieds,<br>\uf0a7 durch Entbindung vom Vorstandsamt (\u00a7\u00a7 79 Abs. 6 SGB V, 35a Abs. 7 SGB IV i. V. m. \u00a7 59<br>Abs. 2 SGB IV analog),\uf0a7 durch Enthebung vom Vorstandsamt (\u00a7\u00a7 79 Abs. 6 SGB V, 35a Abs. 7 SGB IV i. V. m. \u00a7 59<br>Abs. 3 SGB IV analog).<br>(2) Ein Viertel der Mitglieder der VV kann schriftlich bei der\/dem Vorsitzenden der VV beantragen,<br>dass ein benanntes Mitglied des Vorstandes vom Amt entbunden oder enthoben wird.<br>In diesem Fall l\u00e4dt die\/der Vorsitzende die VV zu einem Termin innerhalb von zwei Wochen unter<br>Angabe des Tagesordnungspunktes \u201eAntrag auf Entbindung \u201c bzw. \u201eAntrag auf Enthebung\u201c gegen<br>das benannte Vorstandsmitglied ein.<br>Das Amt dieser Person als Mitglied des Vorstandes endet, auch wenn es sich um die<br>Vorsitzende\/den Vorsitzenden des Vorstandes handelt, wenn die VV mit der Mehrheit ihrer<br>Mitglieder die Entbindung oder Enthebung beschlie\u00dft und der Beschluss unanfechtbar geworden<br>ist.<br>Die VV kann die sofortige Vollziehung des Enthebungsbeschlusses anordnen. Die Anordnung hat<br>die Wirkung, dass das Mitglied sein Amt nicht aus\u00fcben kann (\u00a7 59 Abs. 3 Satz 2 SGB IV analog).<br>(3) Scheidet ein Vorstandsmitglied aus, so findet alsbald eine Nachwahl statt. Auf die Nachwahl finden<br>die Bestimmungen \u00fcber die Wahl von Vorstandsmitgliedern Anwendung. Auf der Tagesordnung<br>ist anzugeben, dass eine Nachwahl f\u00fcr das namentlich zu nennende Vorstandsmitglied stattfindet.<br>Scheidet ein Vorstandsmitglied binnen drei Monaten vor dem Ende oder nach Ablauf der Amtszeit<br>des Vorstandes aus, so kann eine Nachwahl unterbleiben.<\/p>\n\n\n\n<p><a href=\"https:\/\/www.haufe.de\/personal\/haufe-personal-office-platin\/sommer-sgbv-209a-vorstand-bei-den-landesverbaenden-29-amtsenthebung-amtsentbindung_idesk_PI42323_HI12153951.html\">https:\/\/www.haufe.de\/personal\/haufe-personal-office-platin\/sommer-sgbv-209a-vorstand-bei-den-landesverbaenden-29-amtsenthebung-amtsentbindung_idesk_PI42323_HI12153951.html<\/a><\/p>\n\n\n\n<p><strong>Ein blo\u00dfer Vertrauensentzug erscheint nicht als wichtiger Grund i.&nbsp;S.&nbsp;d.<\/strong>&nbsp;<a href=\"https:\/\/www.haufe.de\/personal\/haufe-personal-office-platin\/buergerliches-gesetzbuch-626-fristlose-kuendigung-aus-wichtigem-grund_idesk_PI42323_HI3600889.html\">\u00a7&nbsp;626 BGB<\/a>.<\/p>\n\n\n\n<p><strong>SGB IV&nbsp; \u00a7 35a (7) Satz 1 und 2<\/strong>:<\/p>\n\n\n\n<p>F\u00fcr eine Amtsenthebung und eine Amtsentbindung eines Mitglieds des Vorstands durch den Verwaltungsrat gilt <a href=\"https:\/\/www.haufe.de\/sozialwesen\/sgb-office-professional\/sgb-iv-gemeinsame-vorschriften-fuer-die-sozialversicherung-59-verlust-der-mitgliedschaft_idesk_PI434_HI1057661.html\">\u00a7 59 Absatz 2 und 3<\/a> entsprechend. 2<strong>Gr\u00fcnde f\u00fcr eine Amtsenthebung oder eine Amtsentbindung sind auch Unf\u00e4higkeit zur ordnungsgem\u00e4\u00dfen Gesch\u00e4ftsf\u00fchrung oder Vertrauensentzug durch den Verwaltungsrat, es sei denn, dass das Vertrauen aus offenbar unsachlichen Gr\u00fcnden entzogen worden ist.<\/strong><\/p>\n\n\n\n<p>Um diese Verg\u00fctungen geht es: <\/p>\n\n\n\n<p><a href=\"https:\/\/zm.epaper-archiv.de\/fileadmin\/user_upload\/epaper\/2024\/05\/80\">https:\/\/zm.epaper-archiv.de\/fileadmin\/user_upload\/epaper\/2024\/05\/80<\/a><\/p>\n\n\n\n<p>Diese 40 Vertreter stehen in der Verantwortung:<\/p>\n\n\n\n<p> Sie f\u00fchren ihr Amt ehrenamtlich aus. Die Mitglieder der Vertreterversammlung f\u00fcr die Amtsperiode 2023 bis 2028:<\/p>\n\n\n\n<h6 class=\"wp-block-heading\">Initiative Unabh\u00e4ngige Zahn\u00e4rzte Berlin e.V. (IUZB)<\/h6>\n\n\n\n<ul class=\"wp-block-list\">\n<li>Bloch,&nbsp;Frank Gustav<\/li>\n\n\n\n<li>Brandt,&nbsp;Dr. J\u00fcrgen<\/li>\n\n\n\n<li>Gneist,&nbsp;Gerhard<\/li>\n\n\n\n<li>Hannak,&nbsp;Dr. Veronika<\/li>\n\n\n\n<li>Kampmann,&nbsp;Winnetou<\/li>\n\n\n\n<li>Klutke,&nbsp;Alexander<\/li>\n\n\n\n<li>Mense, Dr. Marcus<\/li>\n\n\n\n<li>Mittag,&nbsp;Christiane<\/li>\n\n\n\n<li>Movarekhi,&nbsp;D.D.S.(USA) Leila<\/li>\n\n\n\n<li>Neuling,&nbsp;Gert<\/li>\n\n\n\n<li>Sch\u00e4tze,&nbsp;Dr. Celina<\/li>\n\n\n\n<li>Schierholz,&nbsp;Dr. Christiane<\/li>\n\n\n\n<li>Schleithoff,&nbsp;Dr. Lukas<\/li>\n\n\n\n<li>Zeides,&nbsp;Dr. Raimar<\/li>\n<\/ul>\n\n\n\n<h6 class=\"wp-block-heading\">Verband der Zahn\u00e4rztinnen und Zahn\u00e4rzte in Berlin<\/h6>\n\n\n\n<ul class=\"wp-block-list\">\n<li>Bender,&nbsp;Dr. Igor<\/li>\n\n\n\n<li>Frieauff,&nbsp;Birgit<\/li>\n\n\n\n<li>Grieger,&nbsp;Judith<\/li>\n\n\n\n<li>Heegewaldt,&nbsp;Dr. Karsten<\/li>\n\n\n\n<li>Husemann,&nbsp;Dr. J\u00f6rg-Peter<\/li>\n\n\n\n<li>Kesler,&nbsp;Dr. Helmut<\/li>\n\n\n\n<li>Kuhn,&nbsp;Dr. Dietmar<\/li>\n\n\n\n<li>Meyer,&nbsp;Dr. J\u00f6rg<\/li>\n\n\n\n<li>Parish,&nbsp;Asoudeh<\/li>\n\n\n\n<li>Pochhammer,&nbsp;Dr. Karl-Georg<\/li>\n\n\n\n<li>Rellermeier, Dr. Ingo<\/li>\n\n\n\n<li>Seifert,&nbsp;Sigrid<\/li>\n<\/ul>\n\n\n\n<h6 class=\"wp-block-heading\">Freier Verband Deutscher Zahn\u00e4rzte e.V. (FVDZ)<\/h6>\n\n\n\n<ul class=\"wp-block-list\">\n<li>Dreyer,&nbsp;Dr. Michael<\/li>\n\n\n\n<li>Eichmann,&nbsp;Dr. Lars<\/li>\n\n\n\n<li>Felke,&nbsp;Dr. Hendrik<\/li>\n\n\n\n<li>Nowak,&nbsp;Dr. Roxana<\/li>\n\n\n\n<li>Schieritz,&nbsp;Thomas<\/li>\n\n\n\n<li>Wandelt,&nbsp;Thekla<\/li>\n<\/ul>\n\n\n\n<h6 class=\"wp-block-heading\">Dentista&nbsp;e.V.<\/h6>\n\n\n\n<ul class=\"wp-block-list\">\n<li>Kapogianni,&nbsp;Eleni<\/li>\n\n\n\n<li>Miletic,&nbsp;Klaudia-Adrijana<\/li>\n\n\n\n<li>Plaster,&nbsp;Barbara<\/li>\n<\/ul>\n\n\n\n<h6 class=\"wp-block-heading\">Kieferorthop\u00e4die<\/h6>\n\n\n\n<ul class=\"wp-block-list\">\n<li>Granzow,&nbsp;Dr. J\u00f6rg-Dietrich<\/li>\n\n\n\n<li>K\u00f6ning,&nbsp;Dr. Hans-J\u00fcrgen<\/li>\n\n\n\n<li>M\u00fcller,&nbsp;Michael<\/li>\n<\/ul>\n\n\n\n<h6 class=\"wp-block-heading\">Allianz Berliner Zahnchirurgie<\/h6>\n\n\n\n<ul class=\"wp-block-list\">\n<li>Frey,&nbsp;Dr. Harald<\/li>\n\n\n\n<li>Karge,&nbsp;Dr. Heino<\/li>\n<\/ul>\n\n\n\n<p>Im Januar 2023 wurde Carsten Geist mit 35 Ja-Stimmen, einer Nein-Stimme und vier Enthaltungen gew\u00e4hlt. <\/p>\n\n\n\n<p>Welche Verfehlungen hat er sich zu Schulden kommen lassen, dass er nun, nach diesem \u00fcberw\u00e4ltigendem Votum und nicht einmal zwei Jahren im Amt, abgew\u00e4hlt werden soll? Dar\u00fcber schweigen sich die Antragsteller aus.<\/p>\n\n\n\n<p>\u00dcber die Hintergr\u00fcnde kann derzeit nur spekuliert werden. Ist das Ganze ein \u00bbabgekartetes Spiel\u00ab oder auf &#8222;oportunistische Doppelmoral&#8220; zur\u00fcckzuf\u00fchren?<\/p>\n\n\n\n<p><a href=\"https:\/\/www.quintessence-publishing.com\/deu\/de\/news\/nachrichten\/politik\/ueberraschend-ein-neues-team-an-der-spitze-der-kzv-berlin\">https:\/\/www.quintessence-publishing.com\/deu\/de\/news\/nachrichten\/politik\/ueberraschend-ein-neues-team-an-der-spitze-der-kzv-berlin<\/a><\/p>\n\n\n\n<p>08.10.24 Erstaunlich erscheint in Anbetracht, der doch nicht unerheblichen Brisanz des Themas, dass bisher keine weitere Standesorganisation diesbez\u00fcglich berichtet.<\/p>\n\n\n\n<p>Insbesondere tut sich an dieser Stelle der aktuelle &#8222;Infobrief&#8220; der IUZB vom 10.10.2024 &#8211; also acht Tage nach Einreichen des Begehrens einer ao-VV durch die Kollegen Gneist und Rellermeier in der KZV &#8211; hervor. Dieser erw\u00e4hnt weder den Abwahlantrag noch die ao-VV der KZV-Berlin obwohl der Kollege Hessberger  in seinen Funktionen als zweiter Vorsitzender der IUZB und stellvertretender Vorstand der KZV-Berlin diesbez\u00fcglich im Bilde sein sollte. Auf der IUZB-Webseite ist als n\u00e4chster VV-Termin: &#8222;<strong>Termine&nbsp;<a href=\"https:\/\/www.kzv-berlin.de\/ueber-uns\/organe-und-struktur\/vertreterversammlung\" target=\"_blank\" rel=\"noreferrer noopener\">Vertreterversammlung<\/a>&nbsp;KZV Berlin:<\/strong><\/p>\n\n\n\n<figure class=\"wp-block-table\"><table class=\"has-fixed-layout\"><tbody><tr><td><br><br><strong>09.12.2024<\/strong><\/td><td>Montag<\/td><td><a href=\"https:\/\/www.kzv-berlin.de\/ueber-uns\/organe-und-struktur\/vertreterversammlung\" target=\"_blank\" rel=\"noreferrer noopener\">Vertreterversammlung<\/a><\/td><\/tr><\/tbody><\/table><\/figure>\n\n\n\n<p>Montag der 09.12.2024 genannt.<\/p>\n\n\n\n<p>Soll seitens der ansonsten  vehement Transparenz fordernden IUZB dieses Thema absichtlich totgeschwiegen werden oder befindet sich der Kollege Hessberger vollst\u00e4ndig offline?<\/p>\n\n\n\n<p><strong>17.10.2024: Vorsitzender der KZV-Berlin von der VV mit gro\u00dfer Mehrheit aus dem Amt gew\u00e4hlt.<\/strong><\/p>\n\n\n\n<p>Hessberger zum neuen KZV Vorsitzenden gew\u00e4hlt.<\/p>\n\n\n\n<p>Eine weitergehende diesbez\u00fcgliche juristische Auseinandersetzung erscheint wahrscheinlich.<\/p>\n\n\n\n<p>Damit endet diese Berichterstattung.<\/p>\n","protected":false},"excerpt":{"rendered":"<p>Aktualisiert am 17.10.24 Aus, in der Regel gut informierten Kreisen, wurde bekannt, dass am Mittwoch &#8211; 02.10.2024 &#8211; mit dem Ziel der Absetzung des Vorsitzenden der KZV-Berlin Karsten Geist eine Sonder VV der KZV-Berlin beantragt wurde. Diesem, von 23 VV-Mitgliedern gezeichneten, Antrag wurde keine Begr\u00fcndung beigef\u00fcgt. Die KZV war am Feier- (03.10.) und &#8222;Br\u00fcckentag&#8220; (04.10.) [&hellip;]<\/p>\n","protected":false},"author":2,"featured_media":0,"comment_status":"open","ping_status":"open","sticky":false,"template":"","format":"standard","meta":{"footnotes":""},"categories":[11],"tags":[],"class_list":["post-543","post","type-post","status-publish","format-standard","hentry","category-kzv","post-preview"],"_links":{"self":[{"href":"https:\/\/buz-2-0.de\/index.php?rest_route=\/wp\/v2\/posts\/543","targetHints":{"allow":["GET"]}}],"collection":[{"href":"https:\/\/buz-2-0.de\/index.php?rest_route=\/wp\/v2\/posts"}],"about":[{"href":"https:\/\/buz-2-0.de\/index.php?rest_route=\/wp\/v2\/types\/post"}],"author":[{"embeddable":true,"href":"https:\/\/buz-2-0.de\/index.php?rest_route=\/wp\/v2\/users\/2"}],"replies":[{"embeddable":true,"href":"https:\/\/buz-2-0.de\/index.php?rest_route=%2Fwp%2Fv2%2Fcomments&post=543"}],"version-history":[{"count":23,"href":"https:\/\/buz-2-0.de\/index.php?rest_route=\/wp\/v2\/posts\/543\/revisions"}],"predecessor-version":[{"id":612,"href":"https:\/\/buz-2-0.de\/index.php?rest_route=\/wp\/v2\/posts\/543\/revisions\/612"}],"wp:attachment":[{"href":"https:\/\/buz-2-0.de\/index.php?rest_route=%2Fwp%2Fv2%2Fmedia&parent=543"}],"wp:term":[{"taxonomy":"category","embeddable":true,"href":"https:\/\/buz-2-0.de\/index.php?rest_route=%2Fwp%2Fv2%2Fcategories&post=543"},{"taxonomy":"post_tag","embeddable":true,"href":"https:\/\/buz-2-0.de\/index.php?rest_route=%2Fwp%2Fv2%2Ftags&post=543"}],"curies":[{"name":"wp","href":"https:\/\/api.w.org\/{rel}","templated":true}]}}