{"id":1648,"date":"2026-03-05T01:01:41","date_gmt":"2026-03-05T00:01:41","guid":{"rendered":"https:\/\/buz-2-0.de\/?p=1648"},"modified":"2026-03-10T07:31:49","modified_gmt":"2026-03-10T06:31:49","slug":"ifg-aenderungen-zu-lasten-der-informationsfreiheit","status":"publish","type":"post","link":"https:\/\/buz-2-0.de\/?p=1648","title":{"rendered":"IFG \u00c4nderungen zu Lasten der Informationsfreiheit"},"content":{"rendered":"\n<p>Jede missliebige Anfrage lie\u00dfe sich k\u00fcnftig mit diffusen und abstrakten Vorw\u00e4nden abb\u00fcgeln.<\/p>\n\n\n\n<p><a href=\"https:\/\/www.rbb24.de\/politik\/beitrag\/2026\/03\/reform-berlin-senat-agh-abgeordnetenhaus-informationsfreiheitsgesetz-kritik-geplante-aenderungen-aktenherausgabe-kritische-infrastrukturk-koalition-akteneinsichtsrecht-einschraenken-berlin.html\">https:\/\/www.rbb24.de\/politik\/beitrag\/2026\/03\/reform-berlin-senat-agh-abgeordnetenhaus-informationsfreiheitsgesetz-kritik-geplante-aenderungen-aktenherausgabe-kritische-infrastrukturk-koalition-akteneinsichtsrecht-einschraenken-berlin.html<\/a><\/p>\n\n\n\n<p><a href=\"https:\/\/www.rbb24.de\/politik\/beitrag\/2026\/03\/berlin-ifg-informationsfreiheitsgesetz-abstimmung-datenschutz.html\">https:\/\/www.rbb24.de\/politik\/beitrag\/2026\/03\/berlin-ifg-informationsfreiheitsgesetz-abstimmung-datenschutz.html<\/a><\/p>\n","protected":false},"excerpt":{"rendered":"<p>Jede missliebige Anfrage lie\u00dfe sich k\u00fcnftig mit diffusen und abstrakten Vorw\u00e4nden abb\u00fcgeln. https:\/\/www.rbb24.de\/politik\/beitrag\/2026\/03\/reform-berlin-senat-agh-abgeordnetenhaus-informationsfreiheitsgesetz-kritik-geplante-aenderungen-aktenherausgabe-kritische-infrastrukturk-koalition-akteneinsichtsrecht-einschraenken-berlin.html https:\/\/www.rbb24.de\/politik\/beitrag\/2026\/03\/berlin-ifg-informationsfreiheitsgesetz-abstimmung-datenschutz.html<\/p>\n","protected":false},"author":2,"featured_media":0,"comment_status":"open","ping_status":"open","sticky":false,"template":"","format":"standard","meta":{"footnotes":""},"categories":[8],"tags":[],"class_list":["post-1648","post","type-post","status-publish","format-standard","hentry","category-zahnaerzte-und-politik","post-preview"],"_links":{"self":[{"href":"https:\/\/buz-2-0.de\/index.php?rest_route=\/wp\/v2\/posts\/1648","targetHints":{"allow":["GET"]}}],"collection":[{"href":"https:\/\/buz-2-0.de\/index.php?rest_route=\/wp\/v2\/posts"}],"about":[{"href":"https:\/\/buz-2-0.de\/index.php?rest_route=\/wp\/v2\/types\/post"}],"author":[{"embeddable":true,"href":"https:\/\/buz-2-0.de\/index.php?rest_route=\/wp\/v2\/users\/2"}],"replies":[{"embeddable":true,"href":"https:\/\/buz-2-0.de\/index.php?rest_route=%2Fwp%2Fv2%2Fcomments&post=1648"}],"version-history":[{"count":3,"href":"https:\/\/buz-2-0.de\/index.php?rest_route=\/wp\/v2\/posts\/1648\/revisions"}],"predecessor-version":[{"id":1668,"href":"https:\/\/buz-2-0.de\/index.php?rest_route=\/wp\/v2\/posts\/1648\/revisions\/1668"}],"wp:attachment":[{"href":"https:\/\/buz-2-0.de\/index.php?rest_route=%2Fwp%2Fv2%2Fmedia&parent=1648"}],"wp:term":[{"taxonomy":"category","embeddable":true,"href":"https:\/\/buz-2-0.de\/index.php?rest_route=%2Fwp%2Fv2%2Fcategories&post=1648"},{"taxonomy":"post_tag","embeddable":true,"href":"https:\/\/buz-2-0.de\/index.php?rest_route=%2Fwp%2Fv2%2Ftags&post=1648"}],"curies":[{"name":"wp","href":"https:\/\/api.w.org\/{rel}","templated":true}]}}