{"id":1055,"date":"2025-08-27T21:31:41","date_gmt":"2025-08-27T20:31:41","guid":{"rendered":"https:\/\/buz-2-0.de\/?p=1055"},"modified":"2025-08-27T21:31:42","modified_gmt":"2025-08-27T20:31:42","slug":"antworten-gab-es-sehr-wohl-aber-sie-gefielen-nicht","status":"publish","type":"post","link":"https:\/\/buz-2-0.de\/?p=1055","title":{"rendered":"\u201eAntworten gab es sehr wohl \u2013 aber sie gefielen nicht\u201c"},"content":{"rendered":"\n<p>Auf der <a href=\"https:\/\/iuzb.de\/?p=48359\">Internetseite der IUZB <\/a>wird behauptet, der neue Verwaltungsausschuss des Versorgungswerks habe den von f\u00fcnf Mitgliedern der Vertreterversammlung eingereichten Fragenkatalog \u201enicht beantwortet\u201c <\/p>\n\n\n\n<p>Diese Darstellung ist irref\u00fchrend. Tatsache ist:<\/p>\n\n\n\n<ul class=\"wp-block-list\">\n<li>Am&nbsp;<strong>02.08.2025<\/strong>&nbsp;erfolgte eine erste schriftliche Antwort des Vorsitzenden des Verwaltungsausschusses, in der auf die akute Krisensituation des VZB hingewiesen wurde. Zugleich wurden den Fragestellern konkrete Transparenzm\u00f6glichkeiten er\u00f6ffnet:\n<ul class=\"wp-block-list\">\n<li><strong>Einsicht im internen DMS<\/strong>&nbsp;(Datenmanagementsystem),<\/li>\n\n\n\n<li><strong>Teilnahme an den w\u00f6chentlichen Jour-Fixe-Sitzungen<\/strong>,<\/li>\n\n\n\n<li><strong>Informationszugang \u00fcber den Aufsichtsausschuss<\/strong>.<\/li>\n<\/ul>\n<\/li>\n\n\n\n<li>Am&nbsp;<strong>12.08.2025<\/strong>&nbsp;folgte eine zweite schriftliche Antwort, die diese Punkte erneut best\u00e4tigte und vertiefte.<\/li>\n<\/ul>\n\n\n\n<p>Von einer \u201eNichtbeantwortung\u201c kann also keine Rede sein. Richtig ist vielmehr: Die Fragesteller waren mit der Form der Antwort nicht zufrieden.<\/p>\n\n\n\n<p>Hinzu kommt: W\u00e4hrend die 14 Schreiben von Alexander Klutke stets detailliert begr\u00fcndet und mit \u00f6ffentlich nachvollziehbaren Quellen unterlegt waren, fehlt dem j\u00fcngsten Fragenkatalog jegliche Begr\u00fcndung. Weder wurden Quellen genannt, noch wurden die \u00fcbrigen Mitglieder der Vertreterversammlung vorab einbezogen, um eigene Fragen einzubringen.<\/p>\n\n\n\n<p><strong>Fazit:<\/strong><\/p>\n\n\n\n<ul class=\"wp-block-list\">\n<li>Antworten gab es \u2013 zweimal.<\/li>\n\n\n\n<li>Transparenzangebote wurden gemacht.<\/li>\n\n\n\n<li>Der Unterschied zwischen \u201eAntwort nicht ausreichend\u201c und \u201ekeine Antwort\u201c ist erheblich.<\/li>\n\n\n\n<li>Wer etwas anderes behauptet, verzerrt bewusst die Fakten.<\/li>\n<\/ul>\n\n\n\n<hr class=\"wp-block-separator has-alpha-channel-opacity\"\/>\n\n\n<div class=\"wp-block-post-author\"><div class=\"wp-block-post-author__avatar\"><img alt='' src='https:\/\/secure.gravatar.com\/avatar\/62677c0015642db05848442ea57f273439841ae26e895fe48b1b99687b059ea0?s=48&#038;d=mm&#038;r=g' srcset='https:\/\/secure.gravatar.com\/avatar\/62677c0015642db05848442ea57f273439841ae26e895fe48b1b99687b059ea0?s=96&#038;d=mm&#038;r=g 2x' class='avatar avatar-48 photo' height='48' width='48' \/><\/div><div class=\"wp-block-post-author__content\"><p class=\"wp-block-post-author__name\">Dr.Dohmeier-de Haan<\/p><\/div><\/div>\n\n\n<p class=\"has-regular-font-size\"><\/p>\n","protected":false},"excerpt":{"rendered":"<p>Auf der Internetseite der IUZB wird behauptet, der neue Verwaltungsausschuss des Versorgungswerks habe den von f\u00fcnf Mitgliedern der Vertreterversammlung eingereichten Fragenkatalog \u201enicht beantwortet\u201c Diese Darstellung ist irref\u00fchrend. Tatsache ist: Von einer \u201eNichtbeantwortung\u201c kann also keine Rede sein. Richtig ist vielmehr: Die Fragesteller waren mit der Form der Antwort nicht zufrieden. Hinzu kommt: W\u00e4hrend die 14 [&hellip;]<\/p>\n","protected":false},"author":1,"featured_media":0,"comment_status":"open","ping_status":"open","sticky":false,"template":"","format":"standard","meta":{"footnotes":""},"categories":[1],"tags":[],"class_list":["post-1055","post","type-post","status-publish","format-standard","hentry","category-uncategorized","post-preview"],"_links":{"self":[{"href":"https:\/\/buz-2-0.de\/index.php?rest_route=\/wp\/v2\/posts\/1055","targetHints":{"allow":["GET"]}}],"collection":[{"href":"https:\/\/buz-2-0.de\/index.php?rest_route=\/wp\/v2\/posts"}],"about":[{"href":"https:\/\/buz-2-0.de\/index.php?rest_route=\/wp\/v2\/types\/post"}],"author":[{"embeddable":true,"href":"https:\/\/buz-2-0.de\/index.php?rest_route=\/wp\/v2\/users\/1"}],"replies":[{"embeddable":true,"href":"https:\/\/buz-2-0.de\/index.php?rest_route=%2Fwp%2Fv2%2Fcomments&post=1055"}],"version-history":[{"count":3,"href":"https:\/\/buz-2-0.de\/index.php?rest_route=\/wp\/v2\/posts\/1055\/revisions"}],"predecessor-version":[{"id":1058,"href":"https:\/\/buz-2-0.de\/index.php?rest_route=\/wp\/v2\/posts\/1055\/revisions\/1058"}],"wp:attachment":[{"href":"https:\/\/buz-2-0.de\/index.php?rest_route=%2Fwp%2Fv2%2Fmedia&parent=1055"}],"wp:term":[{"taxonomy":"category","embeddable":true,"href":"https:\/\/buz-2-0.de\/index.php?rest_route=%2Fwp%2Fv2%2Fcategories&post=1055"},{"taxonomy":"post_tag","embeddable":true,"href":"https:\/\/buz-2-0.de\/index.php?rest_route=%2Fwp%2Fv2%2Ftags&post=1055"}],"curies":[{"name":"wp","href":"https:\/\/api.w.org\/{rel}","templated":true}]}}